{"id":784,"date":"2025-12-14T15:35:26","date_gmt":"2025-12-14T15:35:26","guid":{"rendered":"https:\/\/lerch-art.ch\/artblog\/?p=784"},"modified":"2025-12-14T15:36:45","modified_gmt":"2025-12-14T15:36:45","slug":"784","status":"publish","type":"post","link":"https:\/\/lerch-art.ch\/artblog\/2025\/12\/14\/784\/","title":{"rendered":"Arbeiter"},"content":{"rendered":"\n<figure class=\"wp-block-image size-full is-style-default\"><img loading=\"lazy\" decoding=\"async\" width=\"2560\" height=\"1920\" src=\"https:\/\/lerch-art.ch\/artblog\/wp-content\/uploads\/2025\/12\/20251207_135837-scaled.jpg\" alt=\"\" class=\"wp-image-776\" srcset=\"https:\/\/lerch-art.ch\/artblog\/wp-content\/uploads\/2025\/12\/20251207_135837-scaled.jpg 2560w, https:\/\/lerch-art.ch\/artblog\/wp-content\/uploads\/2025\/12\/20251207_135837-300x225.jpg 300w, https:\/\/lerch-art.ch\/artblog\/wp-content\/uploads\/2025\/12\/20251207_135837-1024x768.jpg 1024w, https:\/\/lerch-art.ch\/artblog\/wp-content\/uploads\/2025\/12\/20251207_135837-768x576.jpg 768w, https:\/\/lerch-art.ch\/artblog\/wp-content\/uploads\/2025\/12\/20251207_135837-1536x1152.jpg 1536w, https:\/\/lerch-art.ch\/artblog\/wp-content\/uploads\/2025\/12\/20251207_135837-2048x1536.jpg 2048w\" sizes=\"auto, (max-width: 2560px) 100vw, 2560px\" \/><\/figure>\n\n\n\n<p>Das Bild zeigt eine <strong>lebhafte, skizzenhafte Zeichnung<\/strong>, vermutlich mit <strong>Bleistift oder Graphit<\/strong>, die eine <strong>Innenraumszene mit mehreren arbeitenden Personen<\/strong> darstellt. Die Darstellung ist <strong>fragmentarisch und erz\u00e4hlerisch<\/strong>, weniger auf Detailtreue als auf Stimmung und Bewegung ausgerichtet.<\/p>\n\n\n\n<h3 class=\"wp-block-heading\">Motiv und Szene<\/h3>\n\n\n\n<p>Im Vordergrund befinden sich <strong>zwei m\u00e4nnliche Figuren<\/strong> an einem Tisch oder einer Werkbank.<\/p>\n\n\n\n<ul class=\"wp-block-list\">\n<li><strong>Links<\/strong> sitzt eine Person mit Kappe, leicht nach vorne gebeugt. Das Gesicht ist nur teilweise ausgearbeitet, wirkt aber wachsam und konzentriert. Die H\u00e4nde liegen auf der Tischfl\u00e4che, als w\u00fcrde sie etwas festhalten oder bearbeiten.<\/li>\n\n\n\n<li><strong>Rechts<\/strong> sitzt eine weitere Person, ebenfalls mit Kopfbedeckung, die den Blick nach unten richtet. Sie scheint <strong>ein Werkzeug oder einen Gegenstand<\/strong> in den H\u00e4nden zu halten und ist in eine pr\u00e4zise T\u00e4tigkeit vertieft.<\/li>\n<\/ul>\n\n\n\n<p>Zwischen und hinter diesen beiden Figuren entfaltet sich eine <strong>dichte Raumatmosph\u00e4re<\/strong>: Weitere Menschen sind <strong>nur angedeutet<\/strong>, teils schemenhaft, teils in Bewegung. Linien, Kreuze und \u00dcberlagerungen lassen an eine <strong>Werkstatt, Fabrikhalle oder handwerkliche Arbeitsumgebung<\/strong> denken.<\/p>\n\n\n\n<h3 class=\"wp-block-heading\">Stil und Technik<\/h3>\n\n\n\n<p>Die Zeichnung ist gepr\u00e4gt von:<\/p>\n\n\n\n<ul class=\"wp-block-list\">\n<li><strong>schnellen, nerv\u00f6sen Linien<\/strong><\/li>\n\n\n\n<li><strong>\u00dcberlagerungen und Schraffuren<\/strong><\/li>\n\n\n\n<li>bewusster <strong>Unordnung und Offenheit<\/strong><\/li>\n<\/ul>\n\n\n\n<p>Perspektive und Raum sind nicht streng konstruiert, sondern entstehen aus der <strong>Verdichtung von Linien<\/strong>. M\u00f6bel, Werkzeuge, K\u00f6rper und Raumgrenzen gehen teilweise ineinander \u00fcber. Dadurch wirkt die Szene <strong>laut, gesch\u00e4ftig und voller Energie<\/strong>.<\/p>\n\n\n\n<h3 class=\"wp-block-heading\">Atmosph\u00e4re und Wirkung<\/h3>\n\n\n\n<p>Das Bild vermittelt eine <strong>arbeitsintensive, fast hektische Stimmung<\/strong>. Man sp\u00fcrt Konzentration, Routine und k\u00f6rperliche Pr\u00e4senz. Die Figuren scheinen in ihre T\u00e4tigkeiten versunken, ohne Blickkontakt zueinander.<br>Durch die unruhige Linienf\u00fchrung entsteht ein Eindruck von <strong>Zeitlichkeit<\/strong> \u2013 als w\u00e4re dies kein einzelner Moment, sondern viele Augenblicke, die sich \u00fcberlagern.<\/p>\n\n\n\n<h3 class=\"wp-block-heading\">Gesamteindruck<\/h3>\n\n\n\n<p>Die Zeichnung wirkt wie eine <strong>Momentaufnahme des Alltags<\/strong>, roh und direkt. Sie verzichtet auf dekorative Elemente und setzt stattdessen auf <strong>Beobachtung, Bewegung und soziale N\u00e4he<\/strong>. Der Stil erinnert an <strong>Studienzeichnungen oder reportagehafte Skizzen<\/strong>, bei denen das Sehen und Festhalten des Augenblicks wichtiger ist als Ausarbeitung oder Perfektion.<\/p>\n","protected":false},"excerpt":{"rendered":"<p>Das Bild zeigt eine lebhafte, skizzenhafte Zeichnung, vermutlich mit Bleistift oder Graphit, die eine Innenraumszene mit mehreren arbeitenden Personen darstellt. Die Darstellung ist fragmentarisch und erz\u00e4hlerisch, weniger auf Detailtreue als auf Stimmung und Bewegung ausgerichtet. Motiv und Szene Im Vordergrund befinden sich zwei m\u00e4nnliche Figuren an einem Tisch oder einer Werkbank. Zwischen und hinter diesen &#8230; <a title=\"Arbeiter\" class=\"read-more\" href=\"https:\/\/lerch-art.ch\/artblog\/2025\/12\/14\/784\/\" aria-label=\"Mehr Informationen \u00fcber Arbeiter\">Weiterlesen<\/a><\/p>\n","protected":false},"author":2,"featured_media":0,"comment_status":"open","ping_status":"open","sticky":false,"template":"","format":"standard","meta":{"footnotes":""},"categories":[58,88,42,60,52,57,49],"tags":[],"class_list":["post-784","post","type-post","status-publish","format-standard","hentry","category-aarau","category-bleistiftzeichnung","category-lerchinsky","category-menschen","category-ort","category-technik","category-tuschezeichnung"],"_links":{"self":[{"href":"https:\/\/lerch-art.ch\/artblog\/wp-json\/wp\/v2\/posts\/784","targetHints":{"allow":["GET"]}}],"collection":[{"href":"https:\/\/lerch-art.ch\/artblog\/wp-json\/wp\/v2\/posts"}],"about":[{"href":"https:\/\/lerch-art.ch\/artblog\/wp-json\/wp\/v2\/types\/post"}],"author":[{"embeddable":true,"href":"https:\/\/lerch-art.ch\/artblog\/wp-json\/wp\/v2\/users\/2"}],"replies":[{"embeddable":true,"href":"https:\/\/lerch-art.ch\/artblog\/wp-json\/wp\/v2\/comments?post=784"}],"version-history":[{"count":2,"href":"https:\/\/lerch-art.ch\/artblog\/wp-json\/wp\/v2\/posts\/784\/revisions"}],"predecessor-version":[{"id":786,"href":"https:\/\/lerch-art.ch\/artblog\/wp-json\/wp\/v2\/posts\/784\/revisions\/786"}],"wp:attachment":[{"href":"https:\/\/lerch-art.ch\/artblog\/wp-json\/wp\/v2\/media?parent=784"}],"wp:term":[{"taxonomy":"category","embeddable":true,"href":"https:\/\/lerch-art.ch\/artblog\/wp-json\/wp\/v2\/categories?post=784"},{"taxonomy":"post_tag","embeddable":true,"href":"https:\/\/lerch-art.ch\/artblog\/wp-json\/wp\/v2\/tags?post=784"}],"curies":[{"name":"wp","href":"https:\/\/api.w.org\/{rel}","templated":true}]}}