{"id":780,"date":"2025-12-14T15:30:32","date_gmt":"2025-12-14T15:30:32","guid":{"rendered":"https:\/\/lerch-art.ch\/artblog\/?p=780"},"modified":"2025-12-14T15:37:17","modified_gmt":"2025-12-14T15:37:17","slug":"bild-einer-frau","status":"publish","type":"post","link":"https:\/\/lerch-art.ch\/artblog\/2025\/12\/14\/bild-einer-frau\/","title":{"rendered":"Bild einer Frau"},"content":{"rendered":"\n<figure class=\"wp-block-gallery has-nested-images columns-default is-cropped wp-block-gallery-2 is-layout-flex wp-block-gallery-is-layout-flex\">\n<figure class=\"wp-block-image size-large\"><img loading=\"lazy\" decoding=\"async\" width=\"1024\" height=\"768\" data-id=\"777\" src=\"https:\/\/lerch-art.ch\/artblog\/wp-content\/uploads\/2025\/12\/20251214_152433-1024x768.jpg\" alt=\"\" class=\"wp-image-777\" srcset=\"https:\/\/lerch-art.ch\/artblog\/wp-content\/uploads\/2025\/12\/20251214_152433-1024x768.jpg 1024w, https:\/\/lerch-art.ch\/artblog\/wp-content\/uploads\/2025\/12\/20251214_152433-300x225.jpg 300w, https:\/\/lerch-art.ch\/artblog\/wp-content\/uploads\/2025\/12\/20251214_152433-768x576.jpg 768w, https:\/\/lerch-art.ch\/artblog\/wp-content\/uploads\/2025\/12\/20251214_152433-1536x1152.jpg 1536w, https:\/\/lerch-art.ch\/artblog\/wp-content\/uploads\/2025\/12\/20251214_152433-2048x1536.jpg 2048w\" sizes=\"auto, (max-width: 1024px) 100vw, 1024px\" \/><\/figure>\n\n\n\n<figure class=\"wp-block-image size-full\"><img loading=\"lazy\" decoding=\"async\" width=\"1920\" height=\"2560\" data-id=\"775\" src=\"https:\/\/lerch-art.ch\/artblog\/wp-content\/uploads\/2025\/12\/20251207_133454-scaled.jpg\" alt=\"\" class=\"wp-image-775\" srcset=\"https:\/\/lerch-art.ch\/artblog\/wp-content\/uploads\/2025\/12\/20251207_133454-scaled.jpg 1920w, https:\/\/lerch-art.ch\/artblog\/wp-content\/uploads\/2025\/12\/20251207_133454-225x300.jpg 225w, https:\/\/lerch-art.ch\/artblog\/wp-content\/uploads\/2025\/12\/20251207_133454-768x1024.jpg 768w, https:\/\/lerch-art.ch\/artblog\/wp-content\/uploads\/2025\/12\/20251207_133454-1152x1536.jpg 1152w, https:\/\/lerch-art.ch\/artblog\/wp-content\/uploads\/2025\/12\/20251207_133454-1536x2048.jpg 1536w\" sizes=\"auto, (max-width: 1920px) 100vw, 1920px\" \/><\/figure>\n\n\n\n<figure class=\"wp-block-image size-full\"><img loading=\"lazy\" decoding=\"async\" width=\"2560\" height=\"1920\" data-id=\"778\" src=\"https:\/\/lerch-art.ch\/artblog\/wp-content\/uploads\/2025\/12\/20251214_153005-scaled.jpg\" alt=\"\" class=\"wp-image-778\" srcset=\"https:\/\/lerch-art.ch\/artblog\/wp-content\/uploads\/2025\/12\/20251214_153005-scaled.jpg 2560w, https:\/\/lerch-art.ch\/artblog\/wp-content\/uploads\/2025\/12\/20251214_153005-300x225.jpg 300w, https:\/\/lerch-art.ch\/artblog\/wp-content\/uploads\/2025\/12\/20251214_153005-1024x768.jpg 1024w, https:\/\/lerch-art.ch\/artblog\/wp-content\/uploads\/2025\/12\/20251214_153005-768x576.jpg 768w, https:\/\/lerch-art.ch\/artblog\/wp-content\/uploads\/2025\/12\/20251214_153005-1536x1152.jpg 1536w, https:\/\/lerch-art.ch\/artblog\/wp-content\/uploads\/2025\/12\/20251214_153005-2048x1536.jpg 2048w\" sizes=\"auto, (max-width: 2560px) 100vw, 2560px\" \/><\/figure>\n<\/figure>\n\n\n\n<p>Das Bild zeigt eine <strong>fig\u00fcrliche Darstellung einer sitzenden Frau<\/strong>, ausgef\u00fchrt in einer <strong>expressiven, stark reduzierten Technik<\/strong>.<\/p>\n\n\n\n<h3 class=\"wp-block-heading\">Motiv und Pose<\/h3>\n\n\n\n<p>Die weibliche Figur sitzt <strong>am Boden<\/strong>, leicht <strong>diagonal zum Betrachter ausgerichtet<\/strong>. Ein Bein ist angewinkelt und nach vorne gezogen, das andere liegt seitlich ausgestreckt. Der Oberk\u00f6rper ist aufrecht, jedoch nicht steif \u2013 die Haltung wirkt <strong>entspannt, nach innen gekehrt<\/strong>.<br>Ein Arm st\u00fctzt den K\u00f6rper nach hinten ab, die Hand liegt flach auf dem Boden. Der andere Arm ruht locker auf dem angewinkelten Bein. Der <strong>Kopf ist leicht nach oben und zur Seite gedreht<\/strong>, der Blick scheint <strong>in die Ferne gerichtet<\/strong>, was der Figur eine <strong>nachdenkliche, stille Pr\u00e4senz<\/strong> verleiht.<\/p>\n\n\n\n<h3 class=\"wp-block-heading\">Stil und Technik<\/h3>\n\n\n\n<p>Die Figur ist <strong>nicht detailliert ausgearbeitet<\/strong>, sondern entsteht aus <strong>k\u00f6rnigen, fragmentierten Fl\u00e4chen<\/strong>. Konturen l\u00f6sen sich stellenweise fast vollst\u00e4ndig auf. Besonders im Bereich von Schultern, R\u00fccken und Oberschenkeln ist der K\u00f6rper eher <strong>angedeutet als klar umrissen<\/strong>.<br>Die <strong>Textur ist rau und lebendig<\/strong>, mit sichtbaren Druckunterschieden, Verwischungen und offenen Stellen, die das Papier bewusst mit einbeziehen. Der Einsatz von Schwarz- und Graut\u00f6nen variiert zwischen kr\u00e4ftigen, dunklen Akzenten (z. B. an Beinen und R\u00fccken) und sehr hellen, luftigen Passagen.<\/p>\n\n\n\n<h3 class=\"wp-block-heading\">K\u00f6rperlichkeit und Ausdruck<\/h3>\n\n\n\n<p>Trotz der Reduktion wirkt der K\u00f6rper <strong>plastisch und glaubw\u00fcrdig<\/strong>. Die Gewichtsverlagerung, die Spannung im Bein und die leichte Drehung des Rumpfes vermitteln ein gutes Gef\u00fchl f\u00fcr Anatomie, ohne akademisch zu sein.<br>Das Gesicht ist <strong>nur schemenhaft erkennbar<\/strong>, wodurch der emotionale Ausdruck nicht konkret festgelegt wird. Gerade diese Unsch\u00e4rfe verst\u00e4rkt die <strong>zeitlose, universelle Wirkung<\/strong> der Figur.<\/p>\n\n\n\n<h3 class=\"wp-block-heading\">Komposition und Wirkung<\/h3>\n\n\n\n<p>Der Hintergrund ist <strong>vollst\u00e4ndig leer<\/strong> und neutral gehalten. Dadurch konzentriert sich der Blick ausschlie\u00dflich auf die Figur. Die Platzierung im Bild wirkt ausgewogen, mit gen\u00fcgend Raum um den K\u00f6rper, sodass die Figur \u201eatmen\u201c kann.<br>Insgesamt strahlt das Werk eine <strong>ruhige, kontemplative Stimmung<\/strong> aus \u2013 eine Mischung aus Intimit\u00e4t, Verletzlichkeit und stiller St\u00e4rke. Die Arbeit wirkt wie eine Momentaufnahme, fl\u00fcchtig und doch pr\u00e4sent, typisch f\u00fcr einen <strong>gestisch-expressiven, modernen Figurenstil<\/strong>.<\/p>\n\n\n\n<figure class=\"wp-block-image size-full\"><img loading=\"lazy\" decoding=\"async\" width=\"2560\" height=\"1920\" src=\"https:\/\/lerch-art.ch\/artblog\/wp-content\/uploads\/2025\/12\/20251214_153005-scaled.jpg\" alt=\"\" class=\"wp-image-778\" srcset=\"https:\/\/lerch-art.ch\/artblog\/wp-content\/uploads\/2025\/12\/20251214_153005-scaled.jpg 2560w, https:\/\/lerch-art.ch\/artblog\/wp-content\/uploads\/2025\/12\/20251214_153005-300x225.jpg 300w, https:\/\/lerch-art.ch\/artblog\/wp-content\/uploads\/2025\/12\/20251214_153005-1024x768.jpg 1024w, https:\/\/lerch-art.ch\/artblog\/wp-content\/uploads\/2025\/12\/20251214_153005-768x576.jpg 768w, https:\/\/lerch-art.ch\/artblog\/wp-content\/uploads\/2025\/12\/20251214_153005-1536x1152.jpg 1536w, https:\/\/lerch-art.ch\/artblog\/wp-content\/uploads\/2025\/12\/20251214_153005-2048x1536.jpg 2048w\" sizes=\"auto, (max-width: 2560px) 100vw, 2560px\" \/><\/figure>\n","protected":false},"excerpt":{"rendered":"<p>Das Bild zeigt eine fig\u00fcrliche Darstellung einer sitzenden Frau, ausgef\u00fchrt in einer expressiven, stark reduzierten Technik. Motiv und Pose Die weibliche Figur sitzt am Boden, leicht diagonal zum Betrachter ausgerichtet. Ein Bein ist angewinkelt und nach vorne gezogen, das andere liegt seitlich ausgestreckt. Der Oberk\u00f6rper ist aufrecht, jedoch nicht steif \u2013 die Haltung wirkt entspannt, &#8230; <a title=\"Bild einer Frau\" class=\"read-more\" href=\"https:\/\/lerch-art.ch\/artblog\/2025\/12\/14\/bild-einer-frau\/\" aria-label=\"Mehr Informationen \u00fcber Bild einer Frau\">Weiterlesen<\/a><\/p>\n","protected":false},"author":2,"featured_media":0,"comment_status":"open","ping_status":"open","sticky":false,"template":"","format":"standard","meta":{"footnotes":""},"categories":[43,88,67,48,42,44],"tags":[],"class_list":["post-780","post","type-post","status-publish","format-standard","hentry","category-akt","category-bleistiftzeichnung","category-cornwall","category-kohlezeichnung","category-lerchinsky","category-nude"],"_links":{"self":[{"href":"https:\/\/lerch-art.ch\/artblog\/wp-json\/wp\/v2\/posts\/780","targetHints":{"allow":["GET"]}}],"collection":[{"href":"https:\/\/lerch-art.ch\/artblog\/wp-json\/wp\/v2\/posts"}],"about":[{"href":"https:\/\/lerch-art.ch\/artblog\/wp-json\/wp\/v2\/types\/post"}],"author":[{"embeddable":true,"href":"https:\/\/lerch-art.ch\/artblog\/wp-json\/wp\/v2\/users\/2"}],"replies":[{"embeddable":true,"href":"https:\/\/lerch-art.ch\/artblog\/wp-json\/wp\/v2\/comments?post=780"}],"version-history":[{"count":3,"href":"https:\/\/lerch-art.ch\/artblog\/wp-json\/wp\/v2\/posts\/780\/revisions"}],"predecessor-version":[{"id":783,"href":"https:\/\/lerch-art.ch\/artblog\/wp-json\/wp\/v2\/posts\/780\/revisions\/783"}],"wp:attachment":[{"href":"https:\/\/lerch-art.ch\/artblog\/wp-json\/wp\/v2\/media?parent=780"}],"wp:term":[{"taxonomy":"category","embeddable":true,"href":"https:\/\/lerch-art.ch\/artblog\/wp-json\/wp\/v2\/categories?post=780"},{"taxonomy":"post_tag","embeddable":true,"href":"https:\/\/lerch-art.ch\/artblog\/wp-json\/wp\/v2\/tags?post=780"}],"curies":[{"name":"wp","href":"https:\/\/api.w.org\/{rel}","templated":true}]}}