{"id":217,"date":"2024-02-14T19:33:20","date_gmt":"2024-02-14T19:33:20","guid":{"rendered":"https:\/\/lerch-art.ch\/artblog\/?p=217"},"modified":"2024-05-31T15:11:38","modified_gmt":"2024-05-31T15:11:38","slug":"pilatus","status":"publish","type":"post","link":"https:\/\/lerch-art.ch\/artblog\/2024\/02\/14\/pilatus\/","title":{"rendered":"Pilatus"},"content":{"rendered":"\n<p>Der <strong>Pilatus<\/strong> ist ein <a href=\"https:\/\/de.wikipedia.org\/wiki\/Massiv\">Bergmassiv<\/a> in der <a href=\"https:\/\/de.wikipedia.org\/wiki\/Schweiz\">Schweiz<\/a> s\u00fcdlich von <a href=\"https:\/\/de.wikipedia.org\/wiki\/Luzern\">Luzern<\/a>. Er liegt im Grenzbereich der <a href=\"https:\/\/de.wikipedia.org\/wiki\/Kanton_(Schweiz)\">Kantone<\/a> <a href=\"https:\/\/de.wikipedia.org\/wiki\/Kanton_Luzern\">Luzern<\/a> im Westen und <a href=\"https:\/\/de.wikipedia.org\/wiki\/Kanton_Nidwalden\">Nidwalden<\/a> und <a href=\"https:\/\/de.wikipedia.org\/wiki\/Kanton_Obwalden\">Obwalden<\/a> im Bereich der h\u00f6chsten Erhebungen, deren h\u00f6chster Punkt das <a href=\"https:\/\/de.wikipedia.org\/wiki\/Tomlishorn\">Tomlishorn<\/a> mit einer H\u00f6he von 2128\u00a0<a href=\"https:\/\/de.wikipedia.org\/wiki\/Meter_%C3%BCber_Meer\">m\u00a0\u00fc.\u00a0M.<\/a> ist. Auf dem aussichtsreichen <a href=\"https:\/\/de.wikipedia.org\/wiki\/Hausberg\">Hausberg<\/a> von Luzern befinden sich die Bergstation <em>Pilatus Kulm<\/em> der <a href=\"https:\/\/de.wikipedia.org\/wiki\/Pilatusbahn\">Pilatusbahn<\/a> mit Aussichtsterrasse, eine Panoramagalerie und zwei Berghotels.<\/p>\n\n\n\n<figure class=\"wp-block-gallery has-nested-images columns-default is-cropped wp-block-gallery-2 is-layout-flex wp-block-gallery-is-layout-flex\">\n<figure class=\"wp-block-image size-large\"><img loading=\"lazy\" decoding=\"async\" width=\"1024\" height=\"851\" data-id=\"212\" src=\"https:\/\/lerch-art.ch\/artblog\/wp-content\/uploads\/2023\/12\/pilatus-1-1024x851.jpg\" alt=\"\" class=\"wp-image-212\" srcset=\"https:\/\/lerch-art.ch\/artblog\/wp-content\/uploads\/2023\/12\/pilatus-1-1024x851.jpg 1024w, https:\/\/lerch-art.ch\/artblog\/wp-content\/uploads\/2023\/12\/pilatus-1-300x249.jpg 300w, https:\/\/lerch-art.ch\/artblog\/wp-content\/uploads\/2023\/12\/pilatus-1-768x638.jpg 768w, https:\/\/lerch-art.ch\/artblog\/wp-content\/uploads\/2023\/12\/pilatus-1-1536x1277.jpg 1536w, https:\/\/lerch-art.ch\/artblog\/wp-content\/uploads\/2023\/12\/pilatus-1-2048x1703.jpg 2048w\" sizes=\"auto, (max-width: 1024px) 100vw, 1024px\" \/><figcaption class=\"wp-element-caption\">Piltus von Oberwil aus gesehen an einem Februarmorgen<\/figcaption><\/figure>\n\n\n\n<figure class=\"wp-block-image size-large\"><img loading=\"lazy\" decoding=\"async\" width=\"1024\" height=\"570\" data-id=\"213\" src=\"https:\/\/lerch-art.ch\/artblog\/wp-content\/uploads\/2023\/12\/pilatus-2-1024x570.jpg\" alt=\"\" class=\"wp-image-213\" srcset=\"https:\/\/lerch-art.ch\/artblog\/wp-content\/uploads\/2023\/12\/pilatus-2-1024x570.jpg 1024w, https:\/\/lerch-art.ch\/artblog\/wp-content\/uploads\/2023\/12\/pilatus-2-300x167.jpg 300w, https:\/\/lerch-art.ch\/artblog\/wp-content\/uploads\/2023\/12\/pilatus-2-768x428.jpg 768w, https:\/\/lerch-art.ch\/artblog\/wp-content\/uploads\/2023\/12\/pilatus-2-1536x855.jpg 1536w, https:\/\/lerch-art.ch\/artblog\/wp-content\/uploads\/2023\/12\/pilatus-2-2048x1140.jpg 2048w\" sizes=\"auto, (max-width: 1024px) 100vw, 1024px\" \/><figcaption class=\"wp-element-caption\">Pilatus im Morgengrauen<\/figcaption><\/figure>\n\n\n\n<figure class=\"wp-block-image size-large\"><img loading=\"lazy\" decoding=\"async\" width=\"1024\" height=\"684\" data-id=\"214\" src=\"https:\/\/lerch-art.ch\/artblog\/wp-content\/uploads\/2023\/12\/pilatus-3-1024x684.jpg\" alt=\"\" class=\"wp-image-214\" srcset=\"https:\/\/lerch-art.ch\/artblog\/wp-content\/uploads\/2023\/12\/pilatus-3-1024x684.jpg 1024w, https:\/\/lerch-art.ch\/artblog\/wp-content\/uploads\/2023\/12\/pilatus-3-300x200.jpg 300w, https:\/\/lerch-art.ch\/artblog\/wp-content\/uploads\/2023\/12\/pilatus-3-768x513.jpg 768w, https:\/\/lerch-art.ch\/artblog\/wp-content\/uploads\/2023\/12\/pilatus-3-1536x1026.jpg 1536w, https:\/\/lerch-art.ch\/artblog\/wp-content\/uploads\/2023\/12\/pilatus-3-2048x1367.jpg 2048w\" sizes=\"auto, (max-width: 1024px) 100vw, 1024px\" \/><figcaption class=\"wp-element-caption\">Pilatus<\/figcaption><\/figure>\n\n\n\n<figure class=\"wp-block-image size-large\"><img loading=\"lazy\" decoding=\"async\" width=\"1024\" height=\"669\" data-id=\"215\" src=\"https:\/\/lerch-art.ch\/artblog\/wp-content\/uploads\/2023\/12\/pilatus-4-1024x669.jpg\" alt=\"\" class=\"wp-image-215\" srcset=\"https:\/\/lerch-art.ch\/artblog\/wp-content\/uploads\/2023\/12\/pilatus-4-1024x669.jpg 1024w, https:\/\/lerch-art.ch\/artblog\/wp-content\/uploads\/2023\/12\/pilatus-4-300x196.jpg 300w, https:\/\/lerch-art.ch\/artblog\/wp-content\/uploads\/2023\/12\/pilatus-4-768x502.jpg 768w, https:\/\/lerch-art.ch\/artblog\/wp-content\/uploads\/2023\/12\/pilatus-4-1536x1003.jpg 1536w, https:\/\/lerch-art.ch\/artblog\/wp-content\/uploads\/2023\/12\/pilatus-4-2048x1338.jpg 2048w\" sizes=\"auto, (max-width: 1024px) 100vw, 1024px\" \/><figcaption class=\"wp-element-caption\">Pilatus von Oberwil aus gesehen<\/figcaption><\/figure>\n<\/figure>\n\n\n\n<p>Die Bilder entstanden nach Fotor meiner Zugfahrten zwischen Aarau und Rotkreuz im 2019. Vor allem von Oberr\u00fcti aus ergaben sich immer wieder Stimmungsvolle Bilder am fr\u00fchen Morgen.<\/p>\n","protected":false},"excerpt":{"rendered":"<p>Der Pilatus ist ein Bergmassiv in der Schweiz s\u00fcdlich von Luzern. Er liegt im Grenzbereich der Kantone Luzern im Westen und Nidwalden und Obwalden im Bereich der h\u00f6chsten Erhebungen, deren h\u00f6chster Punkt das Tomlishorn mit einer H\u00f6he von 2128\u00a0m\u00a0\u00fc.\u00a0M. ist. Auf dem aussichtsreichen Hausberg von Luzern befinden sich die Bergstation Pilatus Kulm der Pilatusbahn mit &#8230; <a title=\"Pilatus\" class=\"read-more\" href=\"https:\/\/lerch-art.ch\/artblog\/2024\/02\/14\/pilatus\/\" aria-label=\"Mehr Informationen \u00fcber Pilatus\">Weiterlesen<\/a><\/p>\n","protected":false},"author":2,"featured_media":0,"comment_status":"open","ping_status":"open","sticky":false,"template":"","format":"standard","meta":{"footnotes":""},"categories":[41,98,46,92,40,93],"tags":[95,97,94,96],"class_list":["post-217","post","type-post","status-publish","format-standard","hentry","category-aquarelle","category-freiamt","category-landschaft","category-oberwil-freiamt","category-oelbilder","category-pilatus","tag-freiamt","tag-innerschweiz","tag-oberwil","tag-pilatus"],"_links":{"self":[{"href":"https:\/\/lerch-art.ch\/artblog\/wp-json\/wp\/v2\/posts\/217","targetHints":{"allow":["GET"]}}],"collection":[{"href":"https:\/\/lerch-art.ch\/artblog\/wp-json\/wp\/v2\/posts"}],"about":[{"href":"https:\/\/lerch-art.ch\/artblog\/wp-json\/wp\/v2\/types\/post"}],"author":[{"embeddable":true,"href":"https:\/\/lerch-art.ch\/artblog\/wp-json\/wp\/v2\/users\/2"}],"replies":[{"embeddable":true,"href":"https:\/\/lerch-art.ch\/artblog\/wp-json\/wp\/v2\/comments?post=217"}],"version-history":[{"count":1,"href":"https:\/\/lerch-art.ch\/artblog\/wp-json\/wp\/v2\/posts\/217\/revisions"}],"predecessor-version":[{"id":218,"href":"https:\/\/lerch-art.ch\/artblog\/wp-json\/wp\/v2\/posts\/217\/revisions\/218"}],"wp:attachment":[{"href":"https:\/\/lerch-art.ch\/artblog\/wp-json\/wp\/v2\/media?parent=217"}],"wp:term":[{"taxonomy":"category","embeddable":true,"href":"https:\/\/lerch-art.ch\/artblog\/wp-json\/wp\/v2\/categories?post=217"},{"taxonomy":"post_tag","embeddable":true,"href":"https:\/\/lerch-art.ch\/artblog\/wp-json\/wp\/v2\/tags?post=217"}],"curies":[{"name":"wp","href":"https:\/\/api.w.org\/{rel}","templated":true}]}}